{"id":933,"date":"2013-10-12T13:02:32","date_gmt":"2013-10-12T12:02:32","guid":{"rendered":"https:\/\/www.pgd-cusperk.si\/?p=933"},"modified":"2013-10-12T13:04:21","modified_gmt":"2013-10-12T12:04:21","slug":"pozarna-vaja-za-clanice-11-10-2013","status":"publish","type":"post","link":"https:\/\/www.pgd-cusperk.si\/?p=933","title":{"rendered":"Po\u017earna vaja za \u010dlanice; 11.10.2013"},"content":{"rendered":"<p>Po\u017earna vaja za \u010clanice GZ Grouplje 2013, v organizaciji PGD \u0160marje Sap.  <!--more--><\/p>\n<p>Vaja: Napadalo se je gospodarski objekt v vasi, ki ga je zajel ogenj. V sami stavbi se nahajati \u0161e dve osebi, ki jih je z notranjim napadom potrebno varno re\u0161iti. Dodatna napajanja se zagotavlja z bli\u017enjega potoka. <\/p>\n<p>Na vaji je sodelovalo pribli\u017eno 80 \u010dlanic.<\/p>\n<p><strong>Video:<\/strong><br \/>\n<div class=\"youtube_sc  fluid widescreen\"><div class=\"inner block\"><noscript><style type=\"text\/css\">.youtube_sc iframe.yp{display:none;}<\/style><object width=\"560\" height=\"340\" class=\"yp\" title=\"YouTube video player\"><param name=\"movie\" value=\"http:\/\/www.youtube.com\/v\/jro9Eeaj7Vc?version=3&amp;hl=en_US\"><param name=\"allowscriptaccess\" value=\"always\"><param name=\"wmode\" value=\"transparent\"><embed src=\"http:\/\/www.youtube.com\/v\/jro9Eeaj7Vc?version=3&amp;hl=en_US\" width=\"560\" height=\"340\" class=\"yp\" type=\"application\/x-shockwave-flash\" wmode=\"transparent\" allowscriptaccess=\"always\"><span style=\"display:block;margin-top:15px;\">The Adobe Flash Player is required for video playback.<br><a href=\"http:\/\/get.adobe.com\/flashplayer\/\" title=\"Install from Adobe\">Get the latest Flash Player<\/a> or <a href=\"http:\/\/www.youtube.com\/watch?v=jro9Eeaj7Vc\" target=\"_blank\" title=\"Watch on YouTube\">Watch this video on YouTube<\/a>.<\/span><\/object><\/noscript><iframe loading=\"lazy\" src=\"http:\/\/www.youtube.com\/embed\/jro9Eeaj7Vc?version=3&amp;wmode=transparent\" width=\"560\" height=\"340\" class=\"yp\" title=\"YouTube video player\" frameborder=\"0\" allowfullscreen><\/iframe><\/div><\/div><br \/>\n<em>Video: Tadej Cimerman<\/em><\/p>\n","protected":false},"excerpt":{"rendered":"<p>Po\u017earna vaja za \u010clanice GZ Grouplje 2013, v organizaciji PGD \u0160marje Sap.<\/p>\n","protected":false},"author":2,"featured_media":935,"comment_status":"closed","ping_status":"closed","sticky":false,"template":"","format":"standard","meta":{"ngg_post_thumbnail":0,"footnotes":""},"categories":[19],"tags":[],"class_list":["post-933","post","type-post","status-publish","format-standard","has-post-thumbnail","hentry","category-novice"],"_links":{"self":[{"href":"https:\/\/www.pgd-cusperk.si\/index.php?rest_route=\/wp\/v2\/posts\/933","targetHints":{"allow":["GET"]}}],"collection":[{"href":"https:\/\/www.pgd-cusperk.si\/index.php?rest_route=\/wp\/v2\/posts"}],"about":[{"href":"https:\/\/www.pgd-cusperk.si\/index.php?rest_route=\/wp\/v2\/types\/post"}],"author":[{"embeddable":true,"href":"https:\/\/www.pgd-cusperk.si\/index.php?rest_route=\/wp\/v2\/users\/2"}],"replies":[{"embeddable":true,"href":"https:\/\/www.pgd-cusperk.si\/index.php?rest_route=%2Fwp%2Fv2%2Fcomments&post=933"}],"version-history":[{"count":2,"href":"https:\/\/www.pgd-cusperk.si\/index.php?rest_route=\/wp\/v2\/posts\/933\/revisions"}],"predecessor-version":[{"id":936,"href":"https:\/\/www.pgd-cusperk.si\/index.php?rest_route=\/wp\/v2\/posts\/933\/revisions\/936"}],"wp:featuredmedia":[{"embeddable":true,"href":"https:\/\/www.pgd-cusperk.si\/index.php?rest_route=\/wp\/v2\/media\/935"}],"wp:attachment":[{"href":"https:\/\/www.pgd-cusperk.si\/index.php?rest_route=%2Fwp%2Fv2%2Fmedia&parent=933"}],"wp:term":[{"taxonomy":"category","embeddable":true,"href":"https:\/\/www.pgd-cusperk.si\/index.php?rest_route=%2Fwp%2Fv2%2Fcategories&post=933"},{"taxonomy":"post_tag","embeddable":true,"href":"https:\/\/www.pgd-cusperk.si\/index.php?rest_route=%2Fwp%2Fv2%2Ftags&post=933"}],"curies":[{"name":"wp","href":"https:\/\/api.w.org\/{rel}","templated":true}]}}