{"id":929,"date":"2013-10-11T10:02:29","date_gmt":"2013-10-11T09:02:29","guid":{"rendered":"https:\/\/www.pgd-cusperk.si\/?p=929"},"modified":"2013-10-11T10:10:56","modified_gmt":"2013-10-11T09:10:56","slug":"prevzem-gasilskega-vozila-gvm-1","status":"publish","type":"post","link":"https:\/\/www.pgd-cusperk.si\/?p=929","title":{"rendered":"Prevzem gasilskega vozila GVM-1"},"content":{"rendered":"<p>V soboto, 5. oktobra 2013, je v \u010cu\u0161perku potekala slovesnost s prevzemom novega mo\u0161tvenega vozila GVM-1. <!--more--><\/p>\n<p>Slovesnost se je pri\u010dela s sveto ma\u0161o v kapelici, za tem pa smo se sprva sprehodili skozi zgodovino dru\u0161tva, nato pa so zbrane pozdravili in nagovorili poveljnik Prostovoljnega gasilskega dru\u0161tva \u010cu\u0161perk Bo\u017eidar Perko, predsednik Gasilske zveze Grosuplje Andrej Bahovec in \u017eupan ob\u010dine Grosuplje dr. Peter Verli\u010d. Nagovorom in lepim \u017eeljam je sledila slovesna predaja klju\u010dev novega vozila, vozilo pa je nato tamkaj\u0161nji  \u017eupnik Janez Kebe tudi blagoslovil.<\/p>\n<p>Za vsako dobro opravljeno delo je potrebno imeti znanje in dobro orodje. To velja tudi za ga\u0161enje po\u017earov. S prevzemom novega mo\u0161tvenega vozila GVM-1 se je tako izpolnila dolgoletna \u017eelja \u010du\u0161perskih  gasilcev.<\/p>\n<p>Slovesnost ob prevzemu novega vozila v PGD \u010cu\u0161perk je bila tudi prilo\u017enost, da se ozremo v zgodovino pridobitev dosedanjih vozil. \u017delja po nabavi nove \u010drpalke in avtomobila je pri\u0161la mo\u010dneje do izraza po dograditvi gasilskega doma, odlo\u010ditev o nakupu pa je dozorela leta 1973, ko je stekla \u0161iroko zastavljena akcija zbiranja denarnih sredstev.  Ve\u010dmese\u010dno zbiranje sredstev je obrodilo sadove in tako je dru\u0161tvo v juliju istega leta prevzelo novo vozilo Zastava 850 ter tudi motorno \u010drpalko Sora. Vozilo je bilo manj\u0161e izvedbe, namenjeno predvsem prevozu oseb. Z izdelavo sani za motorno \u010drpalko ter nakupom prtlja\u017enika za na streho pa so pridobili uporabno operativno vozilo.<\/p>\n<p>Novo orodno vozilo Lada Niva, ki predvsem pri prevozu na tekmovali\u0161\u010de za vaje desetin \u0161e vedno slu\u017ei svojemu namenu, je dru\u0161tvo pridobilo v letu 1990, v letu 2007 pa \u0161e vozilo Iveco Daily. Vozilo Iveco Daily se je v tem \u010dasu izkazalo kot zelo uporabno za prevoz mo\u0161tva, ga\u0161enje za\u010detnih po\u017earov in kot vozilo, ki ima mo\u017enost \u010drpanja vode iz zunanjih virov.<\/p>\n<p>Novo te\u017eko pri\u010dakovano vozilo Peugeot Boxer 30 HDi je bilo naro\u010deno v maju 2012. Dobava in prevzem vozila sta bila opravljena v prvih dneh istega leta, vozilo pa je bilo nato potrebno \u0161e nadgraditi. Vozilo z nadgradnjo je bilo dru\u0161tvu predano januarja 2013. Sledili so meseci testiranja vozila in v teh mesecih so v dru\u0161tvu spoznali, da so se pravilno odlo\u010dili, tako glede nabora mo\u010di motorja, same prostornosti vozila kot tudi vizualne podobe vozila.<\/p>\n<p>Poveljnik PGD \u010cu\u0161perk Bo\u017eidar Perko se je ob tej prilo\u017enosti v imenu predsednika PGD \u010cu\u0161perk Jo\u017eeta Severja zahvalil vsem krajanom in krajankam, ki so s svojim prostovoljnim delom moralno in fizi\u010dno podprli razvoj gasilstva v \u010cu\u0161perku, posebna zahvala gre tudi Gasilski zvezi Grosuplje. To je dan praznovanja in veselja, je \u0161e dejal.<\/p>\n<p>Ob novi pridobitvi je gasilkam in gasilcem iskreno \u010destital predsednik Gasilske zveze Grosuplje Andrej Bahovec in povedal, da gre za mo\u0161tveno vozilo, ki je namenjeno predvsem za prevoz mo\u0161tva oziroma tekmovalnih enot, PGD \u010cu\u0161perk pa si tak\u0161no vozilo gotovo zaslu\u017ei. V \u010cu\u0161perku je skoraj vsak drugi \u010dlan dru\u017eine gasilec, med mladimi so gasilci vsi. PGD \u010cu\u0161perk je lahko vsem za vzgled tudi v tekmovalnih enotah, dosega namre\u010d najvi\u0161ja mesta tako na ob\u010dinski kot tudi na republi\u0161ki ravni.<\/p>\n<p>Iskrene \u010destitke ob novi pridobitvi pa je gasilkam in gasilcem PGD \u010cu\u0161perk izrekel tudi \u017eupan dr. Peter Verli\u010d in jim za\u017eelel, da jim bo vozilo dobro slu\u017eilo. <em>(\u010dlanek povzet po www.grosuplje.si)<\/em><\/p>\n","protected":false},"excerpt":{"rendered":"<p>V soboto, 5. oktobra 2013, je v \u010cu\u0161perku potekala slovesnost s prevzemom novega mo\u0161tvenega vozila GVM-1.<\/p>\n","protected":false},"author":2,"featured_media":931,"comment_status":"closed","ping_status":"closed","sticky":false,"template":"","format":"standard","meta":{"ngg_post_thumbnail":0,"footnotes":""},"categories":[19],"tags":[],"class_list":["post-929","post","type-post","status-publish","format-standard","has-post-thumbnail","hentry","category-novice"],"_links":{"self":[{"href":"https:\/\/www.pgd-cusperk.si\/index.php?rest_route=\/wp\/v2\/posts\/929","targetHints":{"allow":["GET"]}}],"collection":[{"href":"https:\/\/www.pgd-cusperk.si\/index.php?rest_route=\/wp\/v2\/posts"}],"about":[{"href":"https:\/\/www.pgd-cusperk.si\/index.php?rest_route=\/wp\/v2\/types\/post"}],"author":[{"embeddable":true,"href":"https:\/\/www.pgd-cusperk.si\/index.php?rest_route=\/wp\/v2\/users\/2"}],"replies":[{"embeddable":true,"href":"https:\/\/www.pgd-cusperk.si\/index.php?rest_route=%2Fwp%2Fv2%2Fcomments&post=929"}],"version-history":[{"count":2,"href":"https:\/\/www.pgd-cusperk.si\/index.php?rest_route=\/wp\/v2\/posts\/929\/revisions"}],"predecessor-version":[{"id":932,"href":"https:\/\/www.pgd-cusperk.si\/index.php?rest_route=\/wp\/v2\/posts\/929\/revisions\/932"}],"wp:featuredmedia":[{"embeddable":true,"href":"https:\/\/www.pgd-cusperk.si\/index.php?rest_route=\/wp\/v2\/media\/931"}],"wp:attachment":[{"href":"https:\/\/www.pgd-cusperk.si\/index.php?rest_route=%2Fwp%2Fv2%2Fmedia&parent=929"}],"wp:term":[{"taxonomy":"category","embeddable":true,"href":"https:\/\/www.pgd-cusperk.si\/index.php?rest_route=%2Fwp%2Fv2%2Fcategories&post=929"},{"taxonomy":"post_tag","embeddable":true,"href":"https:\/\/www.pgd-cusperk.si\/index.php?rest_route=%2Fwp%2Fv2%2Ftags&post=929"}],"curies":[{"name":"wp","href":"https:\/\/api.w.org\/{rel}","templated":true}]}}