{"id":478,"date":"2011-11-06T12:41:08","date_gmt":"2011-11-06T11:41:08","guid":{"rendered":"https:\/\/www.pgd-cusperk.si\/?p=478"},"modified":"2013-11-21T21:27:12","modified_gmt":"2013-11-21T20:27:12","slug":"pozarna-vaja-29-10-2011","status":"publish","type":"post","link":"https:\/\/www.pgd-cusperk.si\/?p=478","title":{"rendered":"Po\u017earna vaja, 29.10.2011"},"content":{"rendered":"<p>Leto\u0161njo gasilsko vajo smo imeli tudi v GZ Grosuplje. V predelu dru\u0161tev \u010cu\u0161perk, Ra\u010dna, Velika ter Mala Ilova Gora je vaja potekala dne 29.10.2011 v re\u017eiji PGD \u010cu\u0161perk. <!--more--><\/p>\n<p><strong>Video:<\/strong><br \/>\n<div class=\"youtube_sc  fluid widescreen\"><div class=\"inner block\"><noscript><style type=\"text\/css\">.youtube_sc iframe.yp{display:none;}<\/style><object width=\"560\" height=\"340\" class=\"yp\" title=\"YouTube video player\"><param name=\"movie\" value=\"http:\/\/www.youtube.com\/v\/8nO4YgsyG7Y?version=3&amp;hl=en_US\"><param name=\"allowscriptaccess\" value=\"always\"><param name=\"wmode\" value=\"transparent\"><embed src=\"http:\/\/www.youtube.com\/v\/8nO4YgsyG7Y?version=3&amp;hl=en_US\" width=\"560\" height=\"340\" class=\"yp\" type=\"application\/x-shockwave-flash\" wmode=\"transparent\" allowscriptaccess=\"always\"><span style=\"display:block;margin-top:15px;\">The Adobe Flash Player is required for video playback.<br><a href=\"http:\/\/get.adobe.com\/flashplayer\/\" title=\"Install from Adobe\">Get the latest Flash Player<\/a> or <a href=\"http:\/\/www.youtube.com\/watch?v=8nO4YgsyG7Y\" target=\"_blank\" title=\"Watch on YouTube\">Watch this video on YouTube<\/a>.<\/span><\/object><\/noscript><iframe loading=\"lazy\" src=\"http:\/\/www.youtube.com\/embed\/8nO4YgsyG7Y?version=3&amp;wmode=transparent\" width=\"560\" height=\"340\" class=\"yp\" title=\"YouTube video player\" frameborder=\"0\" allowfullscreen><\/iframe><\/div><\/div><br \/>\n<em>Video: Tadej Cimerman<\/em><\/p>\n<p>Na vaji je sodelovalo pribli\u017eno 55 operativnih gasilcev \u0161tirih dru\u0161tev. <\/p>\n<p>Na vaji je bilo prisotnih tudi \u0161est gasilskih vozil:<\/p>\n<ol>&#8211; GVC 16\/25 (Ra\u010dna)<br \/>\n&#8211; GVV-1 (\u010cu\u0161perk)<br \/>\n&#8211; GVM-1 (Ra\u010dna)<br \/>\n&#8211; GVM-1 (Mala Ilova Gora)<br \/>\n&#8211; PV (\u010cu\u0161perk)<br \/>\n&#8211; PV (Velika Ilova Gora)<\/p>\n<p><strong>Fotoutrinki:<\/strong><br \/>\nngg_shortcode_0_placeholder<\/p>\n","protected":false},"excerpt":{"rendered":"<p>Leto\u0161njo gasilsko vajo smo imeli tudi v GZ Grosuplje. V predelu dru\u0161tev \u010cu\u0161perk, Ra\u010dna, Velika ter Mala Ilova Gora je vaja potekala dne 29.10.2011 v re\u017eiji PGD \u010cu\u0161perk.<\/p>\n","protected":false},"author":2,"featured_media":961,"comment_status":"closed","ping_status":"closed","sticky":false,"template":"","format":"standard","meta":{"ngg_post_thumbnail":0,"footnotes":""},"categories":[32,19],"tags":[],"class_list":["post-478","post","type-post","status-publish","format-standard","has-post-thumbnail","hentry","category-aktualno","category-novice"],"_links":{"self":[{"href":"https:\/\/www.pgd-cusperk.si\/index.php?rest_route=\/wp\/v2\/posts\/478","targetHints":{"allow":["GET"]}}],"collection":[{"href":"https:\/\/www.pgd-cusperk.si\/index.php?rest_route=\/wp\/v2\/posts"}],"about":[{"href":"https:\/\/www.pgd-cusperk.si\/index.php?rest_route=\/wp\/v2\/types\/post"}],"author":[{"embeddable":true,"href":"https:\/\/www.pgd-cusperk.si\/index.php?rest_route=\/wp\/v2\/users\/2"}],"replies":[{"embeddable":true,"href":"https:\/\/www.pgd-cusperk.si\/index.php?rest_route=%2Fwp%2Fv2%2Fcomments&post=478"}],"version-history":[{"count":22,"href":"https:\/\/www.pgd-cusperk.si\/index.php?rest_route=\/wp\/v2\/posts\/478\/revisions"}],"predecessor-version":[{"id":965,"href":"https:\/\/www.pgd-cusperk.si\/index.php?rest_route=\/wp\/v2\/posts\/478\/revisions\/965"}],"wp:featuredmedia":[{"embeddable":true,"href":"https:\/\/www.pgd-cusperk.si\/index.php?rest_route=\/wp\/v2\/media\/961"}],"wp:attachment":[{"href":"https:\/\/www.pgd-cusperk.si\/index.php?rest_route=%2Fwp%2Fv2%2Fmedia&parent=478"}],"wp:term":[{"taxonomy":"category","embeddable":true,"href":"https:\/\/www.pgd-cusperk.si\/index.php?rest_route=%2Fwp%2Fv2%2Fcategories&post=478"},{"taxonomy":"post_tag","embeddable":true,"href":"https:\/\/www.pgd-cusperk.si\/index.php?rest_route=%2Fwp%2Fv2%2Ftags&post=478"}],"curies":[{"name":"wp","href":"https:\/\/api.w.org\/{rel}","templated":true}]}}